{"id":316,"date":"2024-05-30T12:47:02","date_gmt":"2024-05-30T11:47:02","guid":{"rendered":"http:\/\/masola.org\/?p=316"},"modified":"2024-05-31T08:41:59","modified_gmt":"2024-05-31T07:41:59","slug":"cuando-vitrificar-mis-ovulos","status":"publish","type":"post","link":"https:\/\/masola.org\/en\/cuando-vitrificar-mis-ovulos\/","title":{"rendered":"Reproducci\u00f3n Asistida: \u00bfCu\u00e1ndo vitrificar mis \u00f3vulos?"},"content":{"rendered":"","protected":false},"excerpt":{"rendered":"","protected":false},"author":2,"featured_media":8630,"comment_status":"closed","ping_status":"open","sticky":true,"template":"","format":"standard","meta":{"footnotes":""},"categories":[119,118],"tags":[106,120,62,37],"class_list":["post-316","post","type-post","status-publish","format-standard","has-post-thumbnail","hentry","category-infertilidad","category-infertilidad-y-reproduccion-asistida","tag-fertilidad","tag-infertilidad-2","tag-madres-solteras-por-eleccion","tag-reproduccion-asistida"],"yoast_head":"<!-- This site is optimized with the Yoast SEO plugin v26.3 - https:\/\/yoast.com\/wordpress\/plugins\/seo\/ -->\n<title>cu\u00e1ndo vitrificar mis \u00f3vulos<\/title>\n<meta name=\"description\" content=\"Tengo 39 a\u00f1os, y tengo que postergar mi maternidad.... \u00bfCrees que ser\u00eda conveniente vitrificar mis \u00f3vulos de 39 a\u00f1os para utilizarlos posteriormente?\u00a0 cu\u00e1ndo vitrificar mis \u00f3vulos, a qu\u00e9 edad es adecuado\" \/>\n<meta name=\"robots\" content=\"index, follow, max-snippet:-1, max-image-preview:large, max-video-preview:-1\" \/>\n<link rel=\"canonical\" href=\"https:\/\/masola.org\/cuando-vitrificar-mis-ovulos\/\" \/>\n<meta property=\"og:locale\" content=\"en_US\" \/>\n<meta property=\"og:type\" content=\"article\" \/>\n<meta property=\"og:title\" content=\"cu\u00e1ndo vitrificar mis \u00f3vulos\" \/>\n<meta property=\"og:description\" content=\"Tengo 39 a\u00f1os, y tengo que postergar mi maternidad.... \u00bfCrees que ser\u00eda conveniente vitrificar mis \u00f3vulos de 39 a\u00f1os para utilizarlos posteriormente?\u00a0 cu\u00e1ndo vitrificar mis \u00f3vulos, a qu\u00e9 edad es adecuado\" \/>\n<meta property=\"og:url\" content=\"https:\/\/masola.org\/cuando-vitrificar-mis-ovulos\/\" \/>\n<meta property=\"og:site_name\" content=\"Madres solteras por elecci\u00f3n\" \/>\n<meta property=\"article:publisher\" content=\"https:\/\/www.facebook.com\/MasolaOrg\/\" \/>\n<meta property=\"article:author\" content=\"https:\/\/www.facebook.com\/MADRES-SOLTERAS-POR-ELECCIN-MasolaOrg-197157676592\/\" \/>\n<meta property=\"article:published_time\" content=\"2024-05-30T11:47:02+00:00\" \/>\n<meta property=\"article:modified_time\" content=\"2024-05-31T07:41:59+00:00\" \/>\n<meta property=\"og:image\" content=\"https:\/\/masola.org\/wp-content\/uploads\/2012\/07\/match-106366_640.jpg\" \/>\n\t<meta property=\"og:image:width\" content=\"640\" \/>\n\t<meta property=\"og:image:height\" content=\"480\" \/>\n\t<meta property=\"og:image:type\" content=\"image\/jpeg\" \/>\n<meta name=\"author\" content=\"MASOLA\" \/>\n<meta name=\"twitter:card\" content=\"summary_large_image\" \/>\n<meta name=\"twitter:creator\" content=\"@Masola_Org\" \/>\n<meta name=\"twitter:site\" content=\"@Masola_Org\" \/>\n<meta name=\"twitter:label1\" content=\"Written by\" \/>\n\t<meta name=\"twitter:data1\" content=\"MASOLA\" \/>\n\t<meta name=\"twitter:label2\" content=\"Est. reading time\" \/>\n\t<meta name=\"twitter:data2\" content=\"3 minutes\" \/>\n<script type=\"application\/ld+json\" class=\"yoast-schema-graph\">{\"@context\":\"https:\/\/schema.org\",\"@graph\":[{\"@type\":\"Article\",\"@id\":\"https:\/\/masola.org\/cuando-vitrificar-mis-ovulos\/#article\",\"isPartOf\":{\"@id\":\"https:\/\/masola.org\/cuando-vitrificar-mis-ovulos\/\"},\"author\":{\"name\":\"MASOLA\",\"@id\":\"https:\/\/masola.org\/#\/schema\/person\/3a3729979ab8775d6e79bacf89aa71f6\"},\"headline\":\"Reproducci\u00f3n Asistida: \u00bfCu\u00e1ndo vitrificar mis \u00f3vulos?\",\"datePublished\":\"2024-05-30T11:47:02+00:00\",\"dateModified\":\"2024-05-31T07:41:59+00:00\",\"mainEntityOfPage\":{\"@id\":\"https:\/\/masola.org\/cuando-vitrificar-mis-ovulos\/\"},\"wordCount\":522,\"publisher\":{\"@id\":\"https:\/\/masola.org\/#organization\"},\"image\":{\"@id\":\"https:\/\/masola.org\/cuando-vitrificar-mis-ovulos\/#primaryimage\"},\"thumbnailUrl\":\"https:\/\/masola.org\/wp-content\/uploads\/2012\/07\/match-106366_640.jpg\",\"keywords\":[\"fertilidad\",\"\",\"single mothers by choice\",\"reproduccion asistida\"],\"articleSection\":[\"Infertilidad\",\"Reproducci\u00f3n Asistida\"],\"inLanguage\":\"en-US\"},{\"@type\":\"WebPage\",\"@id\":\"https:\/\/masola.org\/cuando-vitrificar-mis-ovulos\/\",\"url\":\"https:\/\/masola.org\/cuando-vitrificar-mis-ovulos\/\",\"name\":\"cu\u00e1ndo vitrificar mis \u00f3vulos\",\"isPartOf\":{\"@id\":\"https:\/\/masola.org\/#website\"},\"primaryImageOfPage\":{\"@id\":\"https:\/\/masola.org\/cuando-vitrificar-mis-ovulos\/#primaryimage\"},\"image\":{\"@id\":\"https:\/\/masola.org\/cuando-vitrificar-mis-ovulos\/#primaryimage\"},\"thumbnailUrl\":\"https:\/\/masola.org\/wp-content\/uploads\/2012\/07\/match-106366_640.jpg\",\"datePublished\":\"2024-05-30T11:47:02+00:00\",\"dateModified\":\"2024-05-31T07:41:59+00:00\",\"description\":\"Tengo 39 a\u00f1os, y tengo que postergar mi maternidad.... \u00bfCrees que ser\u00eda conveniente vitrificar mis \u00f3vulos de 39 a\u00f1os para utilizarlos posteriormente?\u00a0 cu\u00e1ndo vitrificar mis \u00f3vulos, a qu\u00e9 edad es adecuado\",\"breadcrumb\":{\"@id\":\"https:\/\/masola.org\/cuando-vitrificar-mis-ovulos\/#breadcrumb\"},\"inLanguage\":\"en-US\",\"potentialAction\":[{\"@type\":\"ReadAction\",\"target\":[\"https:\/\/masola.org\/cuando-vitrificar-mis-ovulos\/\"]}]},{\"@type\":\"ImageObject\",\"inLanguage\":\"en-US\",\"@id\":\"https:\/\/masola.org\/cuando-vitrificar-mis-ovulos\/#primaryimage\",\"url\":\"https:\/\/masola.org\/wp-content\/uploads\/2012\/07\/match-106366_640.jpg\",\"contentUrl\":\"https:\/\/masola.org\/wp-content\/uploads\/2012\/07\/match-106366_640.jpg\",\"width\":640,\"height\":480,\"caption\":\"Fcu\u00e1ndo vitrificar mis \u00f3vulos\"},{\"@type\":\"BreadcrumbList\",\"@id\":\"https:\/\/masola.org\/cuando-vitrificar-mis-ovulos\/#breadcrumb\",\"itemListElement\":[{\"@type\":\"ListItem\",\"position\":1,\"name\":\"Paginas-Menu WEB\",\"item\":\"https:\/\/masola.org\/\"},{\"@type\":\"ListItem\",\"position\":2,\"name\":\"Cu\u00e1ndo vitrificar mis \u00f3vulos\"}]},{\"@type\":\"WebSite\",\"@id\":\"https:\/\/masola.org\/#website\",\"url\":\"https:\/\/masola.org\/\",\"name\":\"Madres solteras por elecci\u00f3n\",\"description\":\"Madres solteras por eleccion y reproducci\u00f3n asistida\",\"publisher\":{\"@id\":\"https:\/\/masola.org\/#organization\"},\"potentialAction\":[{\"@type\":\"SearchAction\",\"target\":{\"@type\":\"EntryPoint\",\"urlTemplate\":\"https:\/\/masola.org\/?s={search_term_string}\"},\"query-input\":{\"@type\":\"PropertyValueSpecification\",\"valueRequired\":true,\"valueName\":\"search_term_string\"}}],\"inLanguage\":\"en-US\"},{\"@type\":\"Organization\",\"@id\":\"https:\/\/masola.org\/#organization\",\"name\":\"Masola\",\"url\":\"https:\/\/masola.org\/\",\"logo\":{\"@type\":\"ImageObject\",\"inLanguage\":\"en-US\",\"@id\":\"https:\/\/masola.org\/#\/schema\/logo\/image\/\",\"url\":\"https:\/\/masola.org\/wp-content\/uploads\/2016\/10\/cropped-bolsas_masola_bolsa-1-1-1200x958-2.jpg\",\"contentUrl\":\"https:\/\/masola.org\/wp-content\/uploads\/2016\/10\/cropped-bolsas_masola_bolsa-1-1-1200x958-2.jpg\",\"width\":1200,\"height\":612,\"caption\":\"Masola\"},\"image\":{\"@id\":\"https:\/\/masola.org\/#\/schema\/logo\/image\/\"},\"sameAs\":[\"https:\/\/www.facebook.com\/MasolaOrg\/\",\"https:\/\/x.com\/Masola_Org\",\"https:\/\/www.instagram.com\/masola.org_rosa.maestro\/\",\"https:\/\/www.linkedin.com\/in\/rosamaestro\/\",\"https:\/\/www.youtube.com\/user\/MegaMasola\"]},{\"@type\":\"Person\",\"@id\":\"https:\/\/masola.org\/#\/schema\/person\/3a3729979ab8775d6e79bacf89aa71f6\",\"name\":\"MASOLA\",\"description\":\"Madre soltera por reproducci\u00f3n asistida y por adopci\u00f3n internacional\",\"sameAs\":[\"https:\/\/masola.org\",\"https:\/\/www.facebook.com\/MADRES-SOLTERAS-POR-ELECCIN-MasolaOrg-197157676592\/\",\"https:\/\/www.instagram.com\/masola.mspe?igsh=dng4dnBmajNyejl0&utm_source=qr\",\"https:\/\/x.com\/Masola_Org\"],\"url\":\"https:\/\/masola.org\/en\/author\/rosa\/\"}]}<\/script>\n<!-- \/ Yoast SEO plugin. -->","yoast_head_json":{"title":"cu\u00e1ndo vitrificar mis \u00f3vulos","description":"Tengo 39 a\u00f1os, y tengo que postergar mi maternidad.... \u00bfCrees que ser\u00eda conveniente vitrificar mis \u00f3vulos de 39 a\u00f1os para utilizarlos posteriormente?\u00a0 cu\u00e1ndo vitrificar mis \u00f3vulos, a qu\u00e9 edad es adecuado","robots":{"index":"index","follow":"follow","max-snippet":"max-snippet:-1","max-image-preview":"max-image-preview:large","max-video-preview":"max-video-preview:-1"},"canonical":"https:\/\/masola.org\/cuando-vitrificar-mis-ovulos\/","og_locale":"en_US","og_type":"article","og_title":"cu\u00e1ndo vitrificar mis \u00f3vulos","og_description":"Tengo 39 a\u00f1os, y tengo que postergar mi maternidad.... \u00bfCrees que ser\u00eda conveniente vitrificar mis \u00f3vulos de 39 a\u00f1os para utilizarlos posteriormente?\u00a0 cu\u00e1ndo vitrificar mis \u00f3vulos, a qu\u00e9 edad es adecuado","og_url":"https:\/\/masola.org\/cuando-vitrificar-mis-ovulos\/","og_site_name":"Madres solteras por elecci\u00f3n","article_publisher":"https:\/\/www.facebook.com\/MasolaOrg\/","article_author":"https:\/\/www.facebook.com\/MADRES-SOLTERAS-POR-ELECCIN-MasolaOrg-197157676592\/","article_published_time":"2024-05-30T11:47:02+00:00","article_modified_time":"2024-05-31T07:41:59+00:00","og_image":[{"width":640,"height":480,"url":"https:\/\/masola.org\/wp-content\/uploads\/2012\/07\/match-106366_640.jpg","type":"image\/jpeg"}],"author":"MASOLA","twitter_card":"summary_large_image","twitter_creator":"@Masola_Org","twitter_site":"@Masola_Org","twitter_misc":{"Written by":"MASOLA","Est. reading time":"3 minutes"},"schema":{"@context":"https:\/\/schema.org","@graph":[{"@type":"Article","@id":"https:\/\/masola.org\/cuando-vitrificar-mis-ovulos\/#article","isPartOf":{"@id":"https:\/\/masola.org\/cuando-vitrificar-mis-ovulos\/"},"author":{"name":"MASOLA","@id":"https:\/\/masola.org\/#\/schema\/person\/3a3729979ab8775d6e79bacf89aa71f6"},"headline":"Reproducci\u00f3n Asistida: \u00bfCu\u00e1ndo vitrificar mis \u00f3vulos?","datePublished":"2024-05-30T11:47:02+00:00","dateModified":"2024-05-31T07:41:59+00:00","mainEntityOfPage":{"@id":"https:\/\/masola.org\/cuando-vitrificar-mis-ovulos\/"},"wordCount":522,"publisher":{"@id":"https:\/\/masola.org\/#organization"},"image":{"@id":"https:\/\/masola.org\/cuando-vitrificar-mis-ovulos\/#primaryimage"},"thumbnailUrl":"https:\/\/masola.org\/wp-content\/uploads\/2012\/07\/match-106366_640.jpg","keywords":["fertilidad","","single mothers by choice","reproduccion asistida"],"articleSection":["Infertilidad","Reproducci\u00f3n Asistida"],"inLanguage":"en-US"},{"@type":"WebPage","@id":"https:\/\/masola.org\/cuando-vitrificar-mis-ovulos\/","url":"https:\/\/masola.org\/cuando-vitrificar-mis-ovulos\/","name":"cu\u00e1ndo vitrificar mis \u00f3vulos","isPartOf":{"@id":"https:\/\/masola.org\/#website"},"primaryImageOfPage":{"@id":"https:\/\/masola.org\/cuando-vitrificar-mis-ovulos\/#primaryimage"},"image":{"@id":"https:\/\/masola.org\/cuando-vitrificar-mis-ovulos\/#primaryimage"},"thumbnailUrl":"https:\/\/masola.org\/wp-content\/uploads\/2012\/07\/match-106366_640.jpg","datePublished":"2024-05-30T11:47:02+00:00","dateModified":"2024-05-31T07:41:59+00:00","description":"Tengo 39 a\u00f1os, y tengo que postergar mi maternidad.... \u00bfCrees que ser\u00eda conveniente vitrificar mis \u00f3vulos de 39 a\u00f1os para utilizarlos posteriormente?\u00a0 cu\u00e1ndo vitrificar mis \u00f3vulos, a qu\u00e9 edad es adecuado","breadcrumb":{"@id":"https:\/\/masola.org\/cuando-vitrificar-mis-ovulos\/#breadcrumb"},"inLanguage":"en-US","potentialAction":[{"@type":"ReadAction","target":["https:\/\/masola.org\/cuando-vitrificar-mis-ovulos\/"]}]},{"@type":"ImageObject","inLanguage":"en-US","@id":"https:\/\/masola.org\/cuando-vitrificar-mis-ovulos\/#primaryimage","url":"https:\/\/masola.org\/wp-content\/uploads\/2012\/07\/match-106366_640.jpg","contentUrl":"https:\/\/masola.org\/wp-content\/uploads\/2012\/07\/match-106366_640.jpg","width":640,"height":480,"caption":"Fcu\u00e1ndo vitrificar mis \u00f3vulos"},{"@type":"BreadcrumbList","@id":"https:\/\/masola.org\/cuando-vitrificar-mis-ovulos\/#breadcrumb","itemListElement":[{"@type":"ListItem","position":1,"name":"Paginas-Menu WEB","item":"https:\/\/masola.org\/"},{"@type":"ListItem","position":2,"name":"Cu\u00e1ndo vitrificar mis \u00f3vulos"}]},{"@type":"WebSite","@id":"https:\/\/masola.org\/#website","url":"https:\/\/masola.org\/","name":"Madres solteras por elecci\u00f3n","description":"Madres solteras por eleccion y reproducci\u00f3n asistida","publisher":{"@id":"https:\/\/masola.org\/#organization"},"potentialAction":[{"@type":"SearchAction","target":{"@type":"EntryPoint","urlTemplate":"https:\/\/masola.org\/?s={search_term_string}"},"query-input":{"@type":"PropertyValueSpecification","valueRequired":true,"valueName":"search_term_string"}}],"inLanguage":"en-US"},{"@type":"Organization","@id":"https:\/\/masola.org\/#organization","name":"Masola","url":"https:\/\/masola.org\/","logo":{"@type":"ImageObject","inLanguage":"en-US","@id":"https:\/\/masola.org\/#\/schema\/logo\/image\/","url":"https:\/\/masola.org\/wp-content\/uploads\/2016\/10\/cropped-bolsas_masola_bolsa-1-1-1200x958-2.jpg","contentUrl":"https:\/\/masola.org\/wp-content\/uploads\/2016\/10\/cropped-bolsas_masola_bolsa-1-1-1200x958-2.jpg","width":1200,"height":612,"caption":"Masola"},"image":{"@id":"https:\/\/masola.org\/#\/schema\/logo\/image\/"},"sameAs":["https:\/\/www.facebook.com\/MasolaOrg\/","https:\/\/x.com\/Masola_Org","https:\/\/www.instagram.com\/masola.org_rosa.maestro\/","https:\/\/www.linkedin.com\/in\/rosamaestro\/","https:\/\/www.youtube.com\/user\/MegaMasola"]},{"@type":"Person","@id":"https:\/\/masola.org\/#\/schema\/person\/3a3729979ab8775d6e79bacf89aa71f6","name":"MASOLA","description":"Madre soltera por reproducci\u00f3n asistida y por adopci\u00f3n internacional","sameAs":["https:\/\/masola.org","https:\/\/www.facebook.com\/MADRES-SOLTERAS-POR-ELECCIN-MasolaOrg-197157676592\/","https:\/\/www.instagram.com\/masola.mspe?igsh=dng4dnBmajNyejl0&utm_source=qr","https:\/\/x.com\/Masola_Org"],"url":"https:\/\/masola.org\/en\/author\/rosa\/"}]}},"_links":{"self":[{"href":"https:\/\/masola.org\/en\/wp-json\/wp\/v2\/posts\/316","targetHints":{"allow":["GET"]}}],"collection":[{"href":"https:\/\/masola.org\/en\/wp-json\/wp\/v2\/posts"}],"about":[{"href":"https:\/\/masola.org\/en\/wp-json\/wp\/v2\/types\/post"}],"author":[{"embeddable":true,"href":"https:\/\/masola.org\/en\/wp-json\/wp\/v2\/users\/2"}],"replies":[{"embeddable":true,"href":"https:\/\/masola.org\/en\/wp-json\/wp\/v2\/comments?post=316"}],"version-history":[{"count":24,"href":"https:\/\/masola.org\/en\/wp-json\/wp\/v2\/posts\/316\/revisions"}],"predecessor-version":[{"id":78159,"href":"https:\/\/masola.org\/en\/wp-json\/wp\/v2\/posts\/316\/revisions\/78159"}],"wp:featuredmedia":[{"embeddable":true,"href":"https:\/\/masola.org\/en\/wp-json\/wp\/v2\/media\/8630"}],"wp:attachment":[{"href":"https:\/\/masola.org\/en\/wp-json\/wp\/v2\/media?parent=316"}],"wp:term":[{"taxonomy":"category","embeddable":true,"href":"https:\/\/masola.org\/en\/wp-json\/wp\/v2\/categories?post=316"},{"taxonomy":"post_tag","embeddable":true,"href":"https:\/\/masola.org\/en\/wp-json\/wp\/v2\/tags?post=316"}],"curies":[{"name":"wp","href":"https:\/\/api.w.org\/{rel}","templated":true}]}}