{"id":73864,"date":"2025-03-11T12:29:30","date_gmt":"2025-03-11T11:29:30","guid":{"rendered":"https:\/\/masola.org\/?p=73864"},"modified":"2025-11-16T19:00:58","modified_gmt":"2025-11-16T18:00:58","slug":"coronavirus-y-baja-laboral","status":"publish","type":"post","link":"https:\/\/masola.org\/en\/coronavirus-y-baja-laboral\/","title":{"rendered":"\u00bfSabes si las bajas por coronavirus se cobrar\u00e1n como enfermedad profesional o accidente de trabajo?"},"content":{"rendered":"&nbsp;<\/p>\n<p style=\"text-align: justify;\">El Gobierno ha publicado un Real Decreto-Ley con Medidas urgentes en el \u00e1mbito econ\u00f3mico y para la protecci\u00f3n de la salud p\u00fablica que establece que\u00a0<strong>las bajas por aislamiento preventivo por coronavirus se cobrar\u00e1n como enfermedad profesional o accidente de trabajo.<\/strong><\/p>\n<p style=\"text-align: justify;\">Esto significa que, para la Seguridad Social, estos afectados est\u00e1n en situaci\u00f3n de Incapacidad Temporal como si fuera una baja laboral por Accidente de Trabajo. As\u00ed, los enfermos o sospechosos de estarlo pasar\u00e1n a<strong>\u00a0percibir desde el d\u00eda siguiente al de la baja laboral el 75% de la base reguladora<\/strong>, con cargo a la Administraci\u00f3n.<\/p>\n<p style=\"text-align: justify;\">Esta medida mejora la prestaci\u00f3n por<strong>\u00a0incapacidad temporal\u00a0<\/strong>(IT)\u00a0 igualmente para las personas aisladas como infectadas por el<a href=\"https:\/\/mujerymadrehoy.com\/telefonos-de-informacion-del-coronavirus-por-comunidades-autonomas\/\">\u00a0coronavirus,<\/a>\u00a0ya que pasan a percibir desde el d\u00eda siguiente a la baja laboral, el 75% de la base reguladora, con cargo a la Administraci\u00f3n, en lugar del\u00a0 60% de la base reguladora desde el 4\u00ba d\u00eda de la baja hasta el 20\u00ba inclusive y el 75% desde el d\u00eda 21 en adelante que supone la incapacidad temporal.<\/p>\n<div id=\"mujer-1921936940\" class=\"mujer-contenido-1\">\n<div id=\"sas_28579\" style=\"text-align: justify;\">Pod\u00e9is en el art\u00edculo quinto del <a href=\"https:\/\/www.boe.es\/boe\/dias\/2020\/03\/11\/pdfs\/BOE-A-2020-3434.pdf\" target=\"_blank\" rel=\"noopener noreferrer\">Real Decreto-ley 6\/2020, de 10 de marzo, por el que se adoptan determinadas medidas urgentes en el \u00e1mbito econ\u00f3mico y para la protecci\u00f3n de la salud p\u00fablica.<\/a><\/div>\n<\/div>","protected":false},"excerpt":{"rendered":"<p>&nbsp; El Gobierno ha publicado un Real Decreto-Ley con Medidas urgentes en el \u00e1mbito econ\u00f3mico y para la protecci\u00f3n de la salud p\u00fablica que establece que\u00a0las bajas por aislamiento preventivo por coronavirus se cobrar\u00e1n como enfermedad profesional o accidente de trabajo. Esto significa que, para la Seguridad Social, estos afectados est\u00e1n en situaci\u00f3n de Incapacidad Temporal como si fuera una baja laboral por Accidente de Trabajo. As\u00ed, los enfermos o sospechosos de estarlo pasar\u00e1n a\u00a0percibir desde el d\u00eda siguiente al de la baja laboral el 75% de la base reguladora, con cargo a la Administraci\u00f3n. Esta medida mejora la prestaci\u00f3n por\u00a0incapacidad temporal\u00a0(IT)\u00a0 igualmente para las personas aisladas como infectadas por el\u00a0coronavirus,\u00a0ya que pasan a percibir desde el d\u00eda siguiente a la baja laboral, el 75% de la base reguladora, con cargo a la Administraci\u00f3n, en lugar del\u00a0 60% de la base reguladora desde el 4\u00ba d\u00eda de la baja hasta el 20\u00ba inclusive y el 75% desde el d\u00eda 21 en adelante que supone la incapacidad temporal. Pod\u00e9is en el art\u00edculo quinto del Real Decreto-ley 6\/2020, de 10 de marzo, por el que se adoptan determinadas medidas urgentes en el \u00e1mbito econ\u00f3mico y para la protecci\u00f3n de la salud p\u00fablica.<\/p>\n","protected":false},"author":2,"featured_media":73868,"comment_status":"open","ping_status":"closed","sticky":false,"template":"","format":"standard","meta":{"footnotes":""},"categories":[22,118,421,116,4,21],"tags":[],"class_list":["post-73864","post","type-post","status-publish","format-standard","has-post-thumbnail","hentry","category-ayudas","category-infertilidad-y-reproduccion-asistida","category-padres-solteros","category-parejas-gays-en-reproduccion-asistida","category-madres-solteras-reproduccion-asistida-y-adopcion","category-todos-sobre-monoparentalidad"],"yoast_head":"<!-- This site is optimized with the Yoast SEO plugin v26.3 - https:\/\/yoast.com\/wordpress\/plugins\/seo\/ -->\n<title>\u00bfSabes si las bajas por coronavirus se cobrar\u00e1n como enfermedad profesional o accidente de trabajo?<\/title>\n<meta name=\"description\" content=\"El Gobierno ha publicado un Real Decreto-Ley con Medidas urgentes en el \u00e1mbito econ\u00f3mico y para la protecci\u00f3n de la salud p\u00fablica que establece que\u00a0las\" \/>\n<meta name=\"robots\" content=\"index, follow, max-snippet:-1, max-image-preview:large, max-video-preview:-1\" \/>\n<link rel=\"canonical\" href=\"https:\/\/masola.org\/coronavirus-y-baja-laboral\/\" \/>\n<meta property=\"og:locale\" content=\"en_US\" \/>\n<meta property=\"og:type\" content=\"article\" \/>\n<meta property=\"og:title\" content=\"\u00bfSabes si las bajas por coronavirus se cobrar\u00e1n como enfermedad profesional o accidente de trabajo?\" \/>\n<meta property=\"og:description\" content=\"El Gobierno ha publicado un Real Decreto-Ley con Medidas urgentes en el \u00e1mbito econ\u00f3mico y para la protecci\u00f3n de la salud p\u00fablica que establece que\u00a0las\" \/>\n<meta property=\"og:url\" content=\"https:\/\/masola.org\/coronavirus-y-baja-laboral\/\" \/>\n<meta property=\"og:site_name\" content=\"Madres solteras por elecci\u00f3n\" \/>\n<meta property=\"article:publisher\" content=\"https:\/\/www.facebook.com\/MasolaOrg\/\" \/>\n<meta property=\"article:author\" content=\"https:\/\/www.facebook.com\/MADRES-SOLTERAS-POR-ELECCIN-MasolaOrg-197157676592\/\" \/>\n<meta property=\"article:published_time\" content=\"2025-03-11T11:29:30+00:00\" \/>\n<meta property=\"article:modified_time\" content=\"2025-11-16T18:00:58+00:00\" \/>\n<meta property=\"og:image\" content=\"https:\/\/masola.org\/wp-content\/uploads\/2020\/03\/woman-2775273_640-1.jpg\" \/>\n\t<meta property=\"og:image:width\" content=\"640\" \/>\n\t<meta property=\"og:image:height\" content=\"277\" \/>\n\t<meta property=\"og:image:type\" content=\"image\/jpeg\" \/>\n<meta name=\"author\" content=\"MASOLA\" \/>\n<meta name=\"twitter:card\" content=\"summary_large_image\" \/>\n<meta name=\"twitter:creator\" content=\"@Masola_Org\" \/>\n<meta name=\"twitter:site\" content=\"@Masola_Org\" \/>\n<meta name=\"twitter:label1\" content=\"Written by\" \/>\n\t<meta name=\"twitter:data1\" content=\"MASOLA\" \/>\n\t<meta name=\"twitter:label2\" content=\"Est. reading time\" \/>\n\t<meta name=\"twitter:data2\" content=\"2 minutes\" \/>\n<script type=\"application\/ld+json\" class=\"yoast-schema-graph\">{\"@context\":\"https:\/\/schema.org\",\"@graph\":[{\"@type\":\"Article\",\"@id\":\"https:\/\/masola.org\/coronavirus-y-baja-laboral\/#article\",\"isPartOf\":{\"@id\":\"https:\/\/masola.org\/coronavirus-y-baja-laboral\/\"},\"author\":{\"name\":\"MASOLA\",\"@id\":\"https:\/\/masola.org\/#\/schema\/person\/3a3729979ab8775d6e79bacf89aa71f6\"},\"headline\":\"\u00bfSabes si las bajas por coronavirus se cobrar\u00e1n como enfermedad profesional o accidente de trabajo?\",\"datePublished\":\"2025-03-11T11:29:30+00:00\",\"dateModified\":\"2025-11-16T18:00:58+00:00\",\"mainEntityOfPage\":{\"@id\":\"https:\/\/masola.org\/coronavirus-y-baja-laboral\/\"},\"wordCount\":449,\"commentCount\":0,\"publisher\":{\"@id\":\"https:\/\/masola.org\/#organization\"},\"image\":{\"@id\":\"https:\/\/masola.org\/coronavirus-y-baja-laboral\/#primaryimage\"},\"thumbnailUrl\":\"https:\/\/masola.org\/wp-content\/uploads\/2020\/03\/woman-2775273_640-1.jpg\",\"articleSection\":[\"Support for single-parent families\",\"Reproducci\u00f3n Asistida\",\"\",\"Parejas lesbianas\",\"Ser madre soltera. Reproducci\u00f3n asistida y adopci\u00f3n\",\"Todos sobre monoparentalidad\"],\"inLanguage\":\"en-US\",\"potentialAction\":[{\"@type\":\"CommentAction\",\"name\":\"Comment\",\"target\":[\"https:\/\/masola.org\/coronavirus-y-baja-laboral\/#respond\"]}]},{\"@type\":\"WebPage\",\"@id\":\"https:\/\/masola.org\/coronavirus-y-baja-laboral\/\",\"url\":\"https:\/\/masola.org\/coronavirus-y-baja-laboral\/\",\"name\":\"\u00bfSabes si las bajas por coronavirus se cobrar\u00e1n como enfermedad profesional o accidente de trabajo?\",\"isPartOf\":{\"@id\":\"https:\/\/masola.org\/#website\"},\"primaryImageOfPage\":{\"@id\":\"https:\/\/masola.org\/coronavirus-y-baja-laboral\/#primaryimage\"},\"image\":{\"@id\":\"https:\/\/masola.org\/coronavirus-y-baja-laboral\/#primaryimage\"},\"thumbnailUrl\":\"https:\/\/masola.org\/wp-content\/uploads\/2020\/03\/woman-2775273_640-1.jpg\",\"datePublished\":\"2025-03-11T11:29:30+00:00\",\"dateModified\":\"2025-11-16T18:00:58+00:00\",\"description\":\"El Gobierno ha publicado un Real Decreto-Ley con Medidas urgentes en el \u00e1mbito econ\u00f3mico y para la protecci\u00f3n de la salud p\u00fablica que establece que\u00a0las\",\"breadcrumb\":{\"@id\":\"https:\/\/masola.org\/coronavirus-y-baja-laboral\/#breadcrumb\"},\"inLanguage\":\"en-US\",\"potentialAction\":[{\"@type\":\"ReadAction\",\"target\":[\"https:\/\/masola.org\/coronavirus-y-baja-laboral\/\"]}]},{\"@type\":\"ImageObject\",\"inLanguage\":\"en-US\",\"@id\":\"https:\/\/masola.org\/coronavirus-y-baja-laboral\/#primaryimage\",\"url\":\"https:\/\/masola.org\/wp-content\/uploads\/2020\/03\/woman-2775273_640-1.jpg\",\"contentUrl\":\"https:\/\/masola.org\/wp-content\/uploads\/2020\/03\/woman-2775273_640-1.jpg\",\"width\":640,\"height\":277},{\"@type\":\"BreadcrumbList\",\"@id\":\"https:\/\/masola.org\/coronavirus-y-baja-laboral\/#breadcrumb\",\"itemListElement\":[{\"@type\":\"ListItem\",\"position\":1,\"name\":\"Paginas-Menu WEB\",\"item\":\"https:\/\/masola.org\/\"},{\"@type\":\"ListItem\",\"position\":2,\"name\":\"\u00bfSabes si las bajas por coronavirus se cobrar\u00e1n como enfermedad profesional o accidente de trabajo?\"}]},{\"@type\":\"WebSite\",\"@id\":\"https:\/\/masola.org\/#website\",\"url\":\"https:\/\/masola.org\/\",\"name\":\"Madres solteras por elecci\u00f3n\",\"description\":\"Madres solteras por eleccion y reproducci\u00f3n asistida\",\"publisher\":{\"@id\":\"https:\/\/masola.org\/#organization\"},\"potentialAction\":[{\"@type\":\"SearchAction\",\"target\":{\"@type\":\"EntryPoint\",\"urlTemplate\":\"https:\/\/masola.org\/?s={search_term_string}\"},\"query-input\":{\"@type\":\"PropertyValueSpecification\",\"valueRequired\":true,\"valueName\":\"search_term_string\"}}],\"inLanguage\":\"en-US\"},{\"@type\":\"Organization\",\"@id\":\"https:\/\/masola.org\/#organization\",\"name\":\"Masola\",\"url\":\"https:\/\/masola.org\/\",\"logo\":{\"@type\":\"ImageObject\",\"inLanguage\":\"en-US\",\"@id\":\"https:\/\/masola.org\/#\/schema\/logo\/image\/\",\"url\":\"https:\/\/masola.org\/wp-content\/uploads\/2016\/10\/cropped-bolsas_masola_bolsa-1-1-1200x958-2.jpg\",\"contentUrl\":\"https:\/\/masola.org\/wp-content\/uploads\/2016\/10\/cropped-bolsas_masola_bolsa-1-1-1200x958-2.jpg\",\"width\":1200,\"height\":612,\"caption\":\"Masola\"},\"image\":{\"@id\":\"https:\/\/masola.org\/#\/schema\/logo\/image\/\"},\"sameAs\":[\"https:\/\/www.facebook.com\/MasolaOrg\/\",\"https:\/\/x.com\/Masola_Org\",\"https:\/\/www.instagram.com\/masola.org_rosa.maestro\/\",\"https:\/\/www.linkedin.com\/in\/rosamaestro\/\",\"https:\/\/www.youtube.com\/user\/MegaMasola\"]},{\"@type\":\"Person\",\"@id\":\"https:\/\/masola.org\/#\/schema\/person\/3a3729979ab8775d6e79bacf89aa71f6\",\"name\":\"MASOLA\",\"description\":\"Madre soltera por reproducci\u00f3n asistida y por adopci\u00f3n internacional\",\"sameAs\":[\"https:\/\/masola.org\",\"https:\/\/www.facebook.com\/MADRES-SOLTERAS-POR-ELECCIN-MasolaOrg-197157676592\/\",\"https:\/\/www.instagram.com\/masola.mspe?igsh=dng4dnBmajNyejl0&utm_source=qr\",\"https:\/\/x.com\/Masola_Org\"],\"url\":\"https:\/\/masola.org\/en\/author\/rosa\/\"}]}<\/script>\n<!-- \/ Yoast SEO plugin. -->","yoast_head_json":{"title":"\u00bfSabes si las bajas por coronavirus se cobrar\u00e1n como enfermedad profesional o accidente de trabajo?","description":"El Gobierno ha publicado un Real Decreto-Ley con Medidas urgentes en el \u00e1mbito econ\u00f3mico y para la protecci\u00f3n de la salud p\u00fablica que establece que\u00a0las","robots":{"index":"index","follow":"follow","max-snippet":"max-snippet:-1","max-image-preview":"max-image-preview:large","max-video-preview":"max-video-preview:-1"},"canonical":"https:\/\/masola.org\/coronavirus-y-baja-laboral\/","og_locale":"en_US","og_type":"article","og_title":"\u00bfSabes si las bajas por coronavirus se cobrar\u00e1n como enfermedad profesional o accidente de trabajo?","og_description":"El Gobierno ha publicado un Real Decreto-Ley con Medidas urgentes en el \u00e1mbito econ\u00f3mico y para la protecci\u00f3n de la salud p\u00fablica que establece que\u00a0las","og_url":"https:\/\/masola.org\/coronavirus-y-baja-laboral\/","og_site_name":"Madres solteras por elecci\u00f3n","article_publisher":"https:\/\/www.facebook.com\/MasolaOrg\/","article_author":"https:\/\/www.facebook.com\/MADRES-SOLTERAS-POR-ELECCIN-MasolaOrg-197157676592\/","article_published_time":"2025-03-11T11:29:30+00:00","article_modified_time":"2025-11-16T18:00:58+00:00","og_image":[{"width":640,"height":277,"url":"https:\/\/masola.org\/wp-content\/uploads\/2020\/03\/woman-2775273_640-1.jpg","type":"image\/jpeg"}],"author":"MASOLA","twitter_card":"summary_large_image","twitter_creator":"@Masola_Org","twitter_site":"@Masola_Org","twitter_misc":{"Written by":"MASOLA","Est. reading time":"2 minutes"},"schema":{"@context":"https:\/\/schema.org","@graph":[{"@type":"Article","@id":"https:\/\/masola.org\/coronavirus-y-baja-laboral\/#article","isPartOf":{"@id":"https:\/\/masola.org\/coronavirus-y-baja-laboral\/"},"author":{"name":"MASOLA","@id":"https:\/\/masola.org\/#\/schema\/person\/3a3729979ab8775d6e79bacf89aa71f6"},"headline":"\u00bfSabes si las bajas por coronavirus se cobrar\u00e1n como enfermedad profesional o accidente de trabajo?","datePublished":"2025-03-11T11:29:30+00:00","dateModified":"2025-11-16T18:00:58+00:00","mainEntityOfPage":{"@id":"https:\/\/masola.org\/coronavirus-y-baja-laboral\/"},"wordCount":449,"commentCount":0,"publisher":{"@id":"https:\/\/masola.org\/#organization"},"image":{"@id":"https:\/\/masola.org\/coronavirus-y-baja-laboral\/#primaryimage"},"thumbnailUrl":"https:\/\/masola.org\/wp-content\/uploads\/2020\/03\/woman-2775273_640-1.jpg","articleSection":["Support for single-parent families","Reproducci\u00f3n Asistida","","Parejas lesbianas","Ser madre soltera. Reproducci\u00f3n asistida y adopci\u00f3n","Todos sobre monoparentalidad"],"inLanguage":"en-US","potentialAction":[{"@type":"CommentAction","name":"Comment","target":["https:\/\/masola.org\/coronavirus-y-baja-laboral\/#respond"]}]},{"@type":"WebPage","@id":"https:\/\/masola.org\/coronavirus-y-baja-laboral\/","url":"https:\/\/masola.org\/coronavirus-y-baja-laboral\/","name":"\u00bfSabes si las bajas por coronavirus se cobrar\u00e1n como enfermedad profesional o accidente de trabajo?","isPartOf":{"@id":"https:\/\/masola.org\/#website"},"primaryImageOfPage":{"@id":"https:\/\/masola.org\/coronavirus-y-baja-laboral\/#primaryimage"},"image":{"@id":"https:\/\/masola.org\/coronavirus-y-baja-laboral\/#primaryimage"},"thumbnailUrl":"https:\/\/masola.org\/wp-content\/uploads\/2020\/03\/woman-2775273_640-1.jpg","datePublished":"2025-03-11T11:29:30+00:00","dateModified":"2025-11-16T18:00:58+00:00","description":"El Gobierno ha publicado un Real Decreto-Ley con Medidas urgentes en el \u00e1mbito econ\u00f3mico y para la protecci\u00f3n de la salud p\u00fablica que establece que\u00a0las","breadcrumb":{"@id":"https:\/\/masola.org\/coronavirus-y-baja-laboral\/#breadcrumb"},"inLanguage":"en-US","potentialAction":[{"@type":"ReadAction","target":["https:\/\/masola.org\/coronavirus-y-baja-laboral\/"]}]},{"@type":"ImageObject","inLanguage":"en-US","@id":"https:\/\/masola.org\/coronavirus-y-baja-laboral\/#primaryimage","url":"https:\/\/masola.org\/wp-content\/uploads\/2020\/03\/woman-2775273_640-1.jpg","contentUrl":"https:\/\/masola.org\/wp-content\/uploads\/2020\/03\/woman-2775273_640-1.jpg","width":640,"height":277},{"@type":"BreadcrumbList","@id":"https:\/\/masola.org\/coronavirus-y-baja-laboral\/#breadcrumb","itemListElement":[{"@type":"ListItem","position":1,"name":"Paginas-Menu WEB","item":"https:\/\/masola.org\/"},{"@type":"ListItem","position":2,"name":"\u00bfSabes si las bajas por coronavirus se cobrar\u00e1n como enfermedad profesional o accidente de trabajo?"}]},{"@type":"WebSite","@id":"https:\/\/masola.org\/#website","url":"https:\/\/masola.org\/","name":"Madres solteras por elecci\u00f3n","description":"Madres solteras por eleccion y reproducci\u00f3n asistida","publisher":{"@id":"https:\/\/masola.org\/#organization"},"potentialAction":[{"@type":"SearchAction","target":{"@type":"EntryPoint","urlTemplate":"https:\/\/masola.org\/?s={search_term_string}"},"query-input":{"@type":"PropertyValueSpecification","valueRequired":true,"valueName":"search_term_string"}}],"inLanguage":"en-US"},{"@type":"Organization","@id":"https:\/\/masola.org\/#organization","name":"Masola","url":"https:\/\/masola.org\/","logo":{"@type":"ImageObject","inLanguage":"en-US","@id":"https:\/\/masola.org\/#\/schema\/logo\/image\/","url":"https:\/\/masola.org\/wp-content\/uploads\/2016\/10\/cropped-bolsas_masola_bolsa-1-1-1200x958-2.jpg","contentUrl":"https:\/\/masola.org\/wp-content\/uploads\/2016\/10\/cropped-bolsas_masola_bolsa-1-1-1200x958-2.jpg","width":1200,"height":612,"caption":"Masola"},"image":{"@id":"https:\/\/masola.org\/#\/schema\/logo\/image\/"},"sameAs":["https:\/\/www.facebook.com\/MasolaOrg\/","https:\/\/x.com\/Masola_Org","https:\/\/www.instagram.com\/masola.org_rosa.maestro\/","https:\/\/www.linkedin.com\/in\/rosamaestro\/","https:\/\/www.youtube.com\/user\/MegaMasola"]},{"@type":"Person","@id":"https:\/\/masola.org\/#\/schema\/person\/3a3729979ab8775d6e79bacf89aa71f6","name":"MASOLA","description":"Madre soltera por reproducci\u00f3n asistida y por adopci\u00f3n internacional","sameAs":["https:\/\/masola.org","https:\/\/www.facebook.com\/MADRES-SOLTERAS-POR-ELECCIN-MasolaOrg-197157676592\/","https:\/\/www.instagram.com\/masola.mspe?igsh=dng4dnBmajNyejl0&utm_source=qr","https:\/\/x.com\/Masola_Org"],"url":"https:\/\/masola.org\/en\/author\/rosa\/"}]}},"_links":{"self":[{"href":"https:\/\/masola.org\/en\/wp-json\/wp\/v2\/posts\/73864","targetHints":{"allow":["GET"]}}],"collection":[{"href":"https:\/\/masola.org\/en\/wp-json\/wp\/v2\/posts"}],"about":[{"href":"https:\/\/masola.org\/en\/wp-json\/wp\/v2\/types\/post"}],"author":[{"embeddable":true,"href":"https:\/\/masola.org\/en\/wp-json\/wp\/v2\/users\/2"}],"replies":[{"embeddable":true,"href":"https:\/\/masola.org\/en\/wp-json\/wp\/v2\/comments?post=73864"}],"version-history":[{"count":4,"href":"https:\/\/masola.org\/en\/wp-json\/wp\/v2\/posts\/73864\/revisions"}],"predecessor-version":[{"id":73892,"href":"https:\/\/masola.org\/en\/wp-json\/wp\/v2\/posts\/73864\/revisions\/73892"}],"wp:featuredmedia":[{"embeddable":true,"href":"https:\/\/masola.org\/en\/wp-json\/wp\/v2\/media\/73868"}],"wp:attachment":[{"href":"https:\/\/masola.org\/en\/wp-json\/wp\/v2\/media?parent=73864"}],"wp:term":[{"taxonomy":"category","embeddable":true,"href":"https:\/\/masola.org\/en\/wp-json\/wp\/v2\/categories?post=73864"},{"taxonomy":"post_tag","embeddable":true,"href":"https:\/\/masola.org\/en\/wp-json\/wp\/v2\/tags?post=73864"}],"curies":[{"name":"wp","href":"https:\/\/api.w.org\/{rel}","templated":true}]}}