{"id":73948,"date":"2025-04-10T14:10:40","date_gmt":"2025-04-10T13:10:40","guid":{"rendered":"https:\/\/masola.org\/?p=73948"},"modified":"2025-11-16T23:09:54","modified_gmt":"2025-11-16T22:09:54","slug":"si-eres-madre-soltera-la-declaracion-de-la-renta-es-mejor-hacerla-de-forma-conjunta-2","status":"publish","type":"post","link":"https:\/\/masola.org\/en\/si-eres-madre-soltera-la-declaracion-de-la-renta-es-mejor-hacerla-de-forma-conjunta-2\/","title":{"rendered":"Si eres madre soltera: la Declaraci\u00f3n de la Renta es mejor hacerla de forma &#8220;Conjunta&#8221;"},"content":{"rendered":"&nbsp;<\/p>\n<p style=\"text-align: justify;\"><a href=\"https:\/\/masola.org\/wp-content\/uploads\/2019\/05\/piggy-bank-850607_640-1.jpg\"><img loading=\"lazy\" decoding=\"async\" class=\"aligncenter size-full wp-image-73940\" src=\"https:\/\/masola.org\/wp-content\/uploads\/2019\/05\/piggy-bank-850607_640-1.jpg\" alt=\"\" width=\"640\" height=\"426\" srcset=\"https:\/\/masola.org\/wp-content\/uploads\/2019\/05\/piggy-bank-850607_640-1.jpg 640w, https:\/\/masola.org\/wp-content\/uploads\/2019\/05\/piggy-bank-850607_640-1-300x200.jpg 300w\" sizes=\"auto, (max-width: 640px) 100vw, 640px\" \/><\/a>A \u00a0la hora de hacer la declaraci\u00f3n de la renta en el seno de una unidad familiar, una pregunta que siempre salta es si ser\u00e1 mejor hacerla individual o conjunta. Nosotras, como <span style=\"color: #800080;\">madres solteras o como familia monoparental, conjunta.<\/span> Y aqu\u00ed te explico por qu\u00e9&#8230;.<\/p>\n<p style=\"text-align: justify;\"><strong>Rosa Maestro<\/strong> <strong><span style=\"color: #800080;\">@rmaestrom @Masola_Org<\/span><\/strong><\/p>\n<h6 style=\"text-align: justify;\"><strong><span style=\"color: #993366;\">Familias monoparentales: declaraci\u00f3n conjunta de la renta<\/span><\/strong><\/h6>\n<p style=\"text-align: justify;\">\u00bfQui\u00e9nes pueden presentar la declaraci\u00f3n conjunta? Para poder hacer la declaraci\u00f3n con esta modalidad\u00a0<span style=\"color: #800080;\"><strong>hay que cumplir uno de los dos requisitos:\u00a0tener hijos o estar casado<\/strong>.<\/span><\/p>\n<p style=\"text-align: justify;\"><strong><span style=\"color: #800080;\">Si no existe un v\u00ednculo matrimonial vivo<\/span><\/strong>, es decir, separado de forma legal, tu pareja ha fallecido o formas una pareja de hecho, tienes que tener hijos y convivir con ellos en el mismo domicilio.<\/p>\n<p style=\"text-align: justify;\">Si sois una pareja de hecho\u00a0<span style=\"color: #800080;\"><strong>s\u00f3lo uno de los dos podr\u00e1 presentar la declaraci\u00f3n conjunta junto con los hijos<\/strong><\/span>. El otro progenitor la tendr\u00e1 que formalizar de forma individual.<span style=\"color: #993300;\"> <strong>En nuestro caso, como no hay otro progenitor, podemos hacerla como conjunta.<\/strong><\/span><\/p>\n<p style=\"text-align: justify;\"><strong>Si eres u<span style=\"color: #800080;\">na madre o padre sin pareja<\/span><\/strong>, con hijos, puedes hacerla igualmente como conjunta.<\/p>\n<pre style=\"text-align: justify;\"><span style=\"color: #333333;\"><strong>Leer tambi\u00e9n<\/strong>: \"<a href=\"http:\/\/masola.org\/las-familias-monoparentales-llevan-una-decada-esperando-el-titulo-de-familia-numerosa-con-dos-hijos\/\">Las familias monoparentales llevan m\u00e1s de una d\u00e9cada esperando el t\u00edtulo de familia numerosa cuando lo son con dos hijos<\/a>\"<\/span><\/pre>\n<h6 style=\"text-align: justify;\"><span style=\"color: #993366;\"><strong>Lo que nos discrimina de las parejas<\/strong><\/span><\/h6>\n<p style=\"text-align: justify;\"><a href=\"https:\/\/elpais.com\/economia\/2017\/09\/14\/actualidad\/1505383353_659721.html\">La renta de las familias<\/a>. El\u00a0<strong>m\u00ednimo personal y familiar<\/strong>\u00a0es la parte de la\u00a0<strong>base liquidable que no se somete a tributaci\u00f3n<\/strong>\u00a0porque se destina a satisfacer las necesidades b\u00e1sicas del contribuyente. As\u00ed, hay un m\u00ednimo por el propio contribuyente (con car\u00e1cter general, para menores de 65, es de 5.550 euros para la Renta de 2019), al que se suma una cantidad en funci\u00f3n de si tiene a su cargo descendientes o ascendientes.<\/p>\n<p style=\"text-align: justify;\">Queda claro entonces que,\u00a0en cualquiera de las modalidades de unidad familiar\u00a0<span style=\"color: #800080;\"><strong>el m\u00ednimo personal aplicable en la declaraci\u00f3n conjunta ser\u00e1 de 5.550 euros anuales<\/strong><\/span>, con independencia del n\u00famero de miembros integrados en la misma.<\/p>\n<p style=\"text-align: justify;\">Para parejas que hayan contra\u00eddo matrimonio, en la mayor\u00eda de los casos compensa\u00a0m\u00e1s la declaraci\u00f3n individual,\u00a0si los dos superan el m\u00ednimo personal y familiar, que se sit\u00faa en los 5.550 euros, a la que hay que a\u00f1adir el m\u00ednimo personal por hijos.<\/p>\n<p style=\"text-align: justify;\"><strong><span style=\"color: #800080;\">Las familias monoparentales pese a que hagan la declaraci\u00f3n de la renta de forma conjunt<\/span><\/strong>a, no dejan de estar discriminadas porque si en las parejas cada uno se deduce de forma individual, <strong><span style=\"color: #800080;\">la familia sale beneficiada fiscalmente ya que se aplica la deducci\u00f3n de 5.550 euros dos veces<\/span>.\u00a0<\/strong><\/p>\n<p style=\"text-align: justify;\"><strong>De ah\u00ed que muchas parejas realicen sus declaraciones de forma i<\/strong>ndividual y nosotras de forma conjunta. En cambio a las familias monoparentales les interesa siempre hacerla de forma conjunta.\u00a0Este tipo de declaraci\u00f3n \u00fanicamente interesa en determinados casos cuando solo uno de los dos c\u00f3nyuges tiene ingresos o cuando uno de ellos los tiene muy bajos.\u00a0Tambi\u00e9n suele interesar en las familias monoparentales cuando los hijos no perciben rentas.<\/p>\n<p style=\"text-align: justify;\">Si a esto le a\u00f1ades &#8211; como explico m\u00e1s adelante &#8211; que <strong><span style=\"color: #800080;\">el m\u00ednimo familiar, independientemente del n\u00famero de hijos es de 3.400 euros para las familias biparentales y de 2.140 euros para las monoparentales<\/span><\/strong>, <span style=\"color: #000000;\"><strong>la discriminaci\u00f3n est\u00e1 servida<\/strong><\/span>.<\/p>\n<p style=\"text-align: justify;\">Tambi\u00e9n es importante saber que la determinaci\u00f3n de los miembros de la unidad familiar se realizar\u00e1 atendiendo a la situa\u00adci\u00f3n existente el d\u00eda 31 de diciembre de cada a\u00f1o. Por tanto, <strong><span style=\"color: #800080;\">si un hijo cumpliera 18 a\u00f1os durante el a\u00f1o, ya no formar\u00e1 parte de la unidad familiar en ese per\u00edodo impositivo.<\/span><\/strong><\/p>\n<p style=\"text-align: justify;\">Todo ello siempre y cuando los hijos mayores no est\u00e9n incapacitados judicialmente y est\u00e9n sujetos a la patria potestad prorrogada o rehabilitada.<\/p>\n<p style=\"text-align: justify;\">Tampoco formar\u00e1 parte de la unidad familiar el miembro que fallezca durante el per\u00edodo impositivo.<\/p>\n<p style=\"text-align: justify;\">Eso s\u00ed, en cuanto los descendientes son mayores de 18 a\u00f1os pero menores de 25 a\u00f1os y tienen rentas inferiores a 8.000 euros, esas rentas no tienen que incluirse en la declaraci\u00f3n de los padres o ascendientes.<\/p>\n<p style=\"text-align: justify;\"><strong><span style=\"color: #800080;\">Estos hijos dan derecho a reducci\u00f3n por descendientes, pero al no formar parte de la unidad familiar, no generan reducci\u00f3n por tributaci\u00f3n conjunta.<\/span><\/strong><\/p>\n<p style=\"text-align: justify;\">Si hay hijos menores de 18 a\u00f1os e hijos mayores de 18, pero menores de 25, es posible la presentaci\u00f3n de una declaraci\u00f3n conjunta (padres y menores de 18), en la que se aplique la reducci\u00f3n por descendiente por los mayores de 18 menores de 25 a\u00f1os (siempre que cumplan los requisitos se\u00f1alados).<\/p>\n<p style=\"text-align: justify;\">Este hecho supone otro agravante para las familias monoparentales que teniendo <strong><span style=\"color: #800080;\">en el hogar hijos mayores de 18 a su cargo, pasan a ser muy penalizadas en la declaraci\u00f3n de la renta<\/span><\/strong>: han de dejar de hacerla conjunta para pasar a hacerla individual.<\/p>\n<p>En cualquier caso, siempre es mejor\u00a0<b>usar un simulador<\/b>\u00a0para hacer los dos tipos de declaraciones y ver qu\u00e9 opci\u00f3n es mejor para tu caso.<\/p>\n<h4>Apreciaciones a tener en cuenta&#8230;<\/h4>\n<h6><span style=\"color: #800080;\"><strong>Reducci\u00f3n por tributaci\u00f3n conjunta&#8230; \u00bfen qu\u00e9 casos?<\/strong><\/span><\/h6>\n<p style=\"text-align: justify;\">&#8211; En declaraciones conjuntas de <span style=\"color: #993366;\"><strong>unidades familiares integradas por ambos c\u00f3nyuges<\/strong><\/span>, no separados legalmente, y sus hijos, si los hubiera, se aplicar\u00e1 una <strong><span style=\"color: #993366;\">reducci\u00f3n de la base imponible de 3.400 euros anuales,<\/span><\/strong> con car\u00e1cter previo a las reducciones por aportaciones y contribuciones a planes de pensiones. Esta reducci\u00f3n se aplicar\u00e1, en primer lugar, a la base imponible general sin que pueda resultar negativa como consecuencia de tal minoraci\u00f3n. El remanente, si lo hubiera, minorar\u00e1 la base imponible del ahorro, que tampoco podr\u00e1 resultar negativa.<\/p>\n<p style=\"text-align: justify;\">&#8211; <strong><span style=\"color: #993366;\">En declaraciones conjuntas de unidades familiares formadas por el padre o la madre y todos los hijos<\/span><\/strong> que convivan con uno u otro, en los casos de separaci\u00f3n legal o cuando no exista v\u00ednculo matrimonial, se aplicar\u00e1 una <strong><span style=\"color: #993366;\">reducci\u00f3n de la base imponible de 2.150 euros anuales<\/span><\/strong>, con car\u00e1cter previo a las reducciones por aportaciones y contribuciones a sistemas de previsi\u00f3n social<\/p>\n<p style=\"text-align: justify;\">En las<strong><span style=\"color: #993366;\">\u00a0<\/span><span style=\"color: #993366;\">parejas de hecho sin v\u00ednculo matrimonial<\/span>,<\/strong>\u00a0s\u00f3lo uno de sus miembros (padre o madre) puede formar unidad familiar con los hijos que re\u00fanan los requisitos y es el \u00fanico que puede optar por la tributaci\u00f3n conjunta, con lo que el otro u otra integrante de la pareja debe tributar de forma individual<\/p>\n<p style=\"text-align: justify;\">En los supuestos de\u00a0<span style=\"color: #993366;\"><strong>separaci\u00f3n o divorcio matrimonial o ausencia de v\u00ednculo matrimonial<\/strong><\/span>, la opci\u00f3n por la tributaci\u00f3n conjunta corresponder\u00e1 a quien tenga atribuida la guarda y custodia de los hijos a la fecha de devengo del IRPF, al tratarse del progenitor que convive con aqu\u00e9llos. En los supuestos de guarda y custodia compartida la opci\u00f3n de la tributaci\u00f3n conjunta puede ejercitarla cualquiera de los dos progenitores, optando el otro por declarar de forma individual.<\/p>\n<p style=\"text-align: justify;\">Los l\u00edmites de la obligaci\u00f3n de declarar son los mismos en tributaci\u00f3n individual y conjunta. Por lo tanto, si se opta por tributaci\u00f3n conjunta, deben incluirse en la declaraci\u00f3n todas las rentas de los miembros de la unidad familiar, con independencia de que individualmente resulten o no obligados a presentar declaraci\u00f3n.<\/p>\n<h6><span style=\"color: #993366;\"><strong>Desgravaci\u00f3n por hijo: M\u00ednimos por descendientes Renta 2019<\/strong><\/span><\/h6>\n<p style=\"text-align: justify;\">El\u00a0<strong>m\u00ednimo por descendiente<\/strong>\u00a0(menor de 25 a\u00f1os o cualquier edad cuando tiene una discapacidad del 33% o mayor) que dependa econ\u00f3micamente de los progenitores y no tenga rentas superiores a los 8.000 euros anuales,\u00a0<a href=\"https:\/\/www.agenciatributaria.es\/AEAT.internet\/Inicio\/Ayuda\/Manuales__Folletos_y_Videos\/Manuales_de_ayuda_a_la_presentacion\/Ejercicio_2016\/_Ayuda_Modelo_100\/8__Cumplimentacion_IRPF__II_\/8_5__Adecuacion_del_impuesto_a_las_circunstancias_personales_y_familiares\/8_5_3__Minimo_por_descendiente\/8_5_3__Minimo_por_descendiente.html\" target=\"_blank\" rel=\"noopener noreferrer\">entre otros requisitos<\/a>, es de 2.400 euros por el primero, 2.700 por el segundo, 4.000 por el tercero y 4.500 por el cuarto y siguientes.<\/p>\n<p style=\"text-align: justify;\">Conviene tener en cuenta que cuando los hijos tienen menos de tres a\u00f1os el m\u00ednimo, aumenta a 2.800 euros. Y, cuando dos o m\u00e1s contribuyentes tienen derecho a la aplicaci\u00f3n del m\u00ednimo por descendientes, su importe se prorratear\u00e1 entre ellos por partes iguales. Adem\u00e1s, en algunas comunidades estos m\u00ednimos son superiores.<\/p>\n<pre style=\"text-align: justify;\"><strong>Leer tambi\u00e9n<\/strong>: <a href=\"https:\/\/cincodias.elpais.com\/cincodias\/2018\/03\/16\/midinero\/1521203663_596313.html\">\"C\u00f3mo declarar las deducciones de los 100 euros al mes\"<\/a><\/pre>\n<pre><strong>Leer tambi\u00e9n<\/strong>: <a href=\"http:\/\/masola.org\/discriminacion-fiscal-de-las-familias-monoparentales\/\">\"Las madres solteras est\u00e1n penalizadas fiscalmente\"<\/a><\/pre>\n<h6 style=\"text-align: justify;\"><span style=\"color: #800080;\"><strong>Si tienes hijos pero no est\u00e1s obligado a hacer la Declaraci\u00f3n de la Renta puede interesarte hacerla<\/strong> <\/span><\/h6>\n<p style=\"text-align: justify;\">Los padres recientes (ni\u00f1os que han nacido o han sido adoptados en 2019) han de tener en cuenta que, si no est\u00e1n obligados a presentar la declaraci\u00f3n de la renta, puede que les convenga hacerla para beneficiarse de todas las deducciones. Dado que solicitar el borrador no implica obligaci\u00f3n de declarar, los expertos aconsejan que el contribuyente lo pida y compruebe si le es rentable presentar declaraci\u00f3n o no.<\/p>\n<h6><strong><span style=\"color: #800080;\">Hacienda permite que los contribuyentes que no est\u00e9n obligados a presentar declaraci\u00f3n cedan al otro progenitor el derecho a los 100 euros mensuales<\/span><\/strong><\/h6>\n<p class=\"articulo-subtitulo\" style=\"text-align: justify;\">Desde 2016, adem\u00e1s, <a href=\"http:\/\/cd00.epimg.net\/descargables\/2017\/02\/22\/dd6d5b3d515d5305e2b97eaf94e0e781.pdf\" target=\"_blank\" rel=\"noopener noreferrer\">la Agencia Tributaria ha habilitado el modelo 121 y 122<\/a> para que los contribuyentes que no est\u00e9n obligados a presentar declaraci\u00f3n puedan ceder su deducci\u00f3n a otro beneficiario. Si en una familia numerosa uno de los progenitores trabaja (es preciso cotizar a la Seguridad Social) pero no tiene que presentar declaraci\u00f3n al ganar menos de 22.000 euros al a\u00f1o, puede ceder el derecho a deducci\u00f3n al otro progenitor y evitar el tr\u00e1mite de la declaraci\u00f3n.<\/p>\n<h6><span style=\"color: #800080;\"><b>Si tributas de forma individual, no es posible modificarla presentando nuevas declaraciones<\/b><\/span><\/h6>\n<p style=\"text-align: justify;\"><b> <\/b> Una vez ejercitada la opci\u00f3n por tributar de forma individual o conjunta, no es posible mo\u00addificarla presentando nuevas declaraciones, salvo que estas se presenten dentro del plazo voluntario de presentaci\u00f3n de declaraciones; finalizado dicho plazo, no podr\u00e1 cambiarse la opci\u00f3n de tributaci\u00f3n para ese per\u00edodo impositivo. La tributaci\u00f3n conjunta vincula a todos los miembros de la unidad familiar; si uno cualquiera de los miembros de la unidad familiar presenta declaraci\u00f3n individual, los restantes miembros deber\u00e1n utilizar este mismo r\u00e9gimen de tributaci\u00f3n.<\/p>\n<h6><span style=\"color: #993366;\"><strong>Deducciones por maternidad<\/strong><\/span><\/h6>\n<p style=\"text-align: justify;\">El importe de la <span style=\"color: #3366ff;\"><a style=\"color: #3366ff;\" href=\"https:\/\/www.agenciatributaria.es\/AEAT.internet\/Inicio\/_Segmentos_\/Ciudadanos\/Minimos__reducciones_y_deducciones_en_el_IRPF\/Deduccion_por_maternidad\/Deduccion_por_maternidad.shtml\">deducci\u00f3n por maternidad<\/a> <\/span>correspondiente a cada hijo es de hasta 1.200 euros anuales, por cada hijo menor de tres a\u00f1os y se podr\u00e1 solicitar el abono de la deducci\u00f3n de forma anticipada, por importe de <strong><span style=\"color: #800080;\">100 euros al mes por cada hijo.<\/span><\/strong><\/p>\n<pre><strong>Leer tambi\u00e9n<\/strong>: <a href=\"http:\/\/masola.org\/familias-monoparentales-discriminadas\/\">\u00bfSabes que las familias monoparentales son tres veces m\u00e1s que las numerosas y reciben tres veces menos ayudas?<\/a><\/pre>\n<p>&nbsp;","protected":false},"excerpt":{"rendered":"<p>&nbsp; A \u00a0la hora de hacer la declaraci\u00f3n de la renta en el seno de una unidad familiar, una pregunta que siempre salta es si ser\u00e1 mejor hacerla individual o conjunta. Nosotras, como madres solteras o como familia monoparental, conjunta. Y aqu\u00ed te explico por qu\u00e9&#8230;. Rosa Maestro @rmaestrom @Masola_Org Familias monoparentales: declaraci\u00f3n conjunta de la renta \u00bfQui\u00e9nes pueden presentar la declaraci\u00f3n conjunta? Para poder hacer la declaraci\u00f3n con esta modalidad\u00a0hay que cumplir uno de los dos requisitos:\u00a0tener hijos o estar casado. Si no existe un v\u00ednculo matrimonial vivo, es decir, separado de forma legal, tu pareja ha fallecido o formas una pareja de hecho, tienes que tener hijos y convivir con ellos en el mismo domicilio. Si sois una pareja de hecho\u00a0s\u00f3lo uno de los dos podr\u00e1 presentar la declaraci\u00f3n conjunta junto con los hijos. El otro progenitor la tendr\u00e1 que formalizar de forma individual. En nuestro caso, como no hay otro progenitor, podemos hacerla como conjunta. Si eres una madre o padre sin pareja, con hijos, puedes hacerla igualmente como conjunta. Leer tambi\u00e9n: &#8220;Las familias monoparentales llevan m\u00e1s de una d\u00e9cada esperando el t\u00edtulo de familia numerosa cuando lo son con dos hijos&#8221; Lo que nos discrimina de las parejas La renta de las familias. El\u00a0m\u00ednimo personal y familiar\u00a0es la parte de la\u00a0base liquidable que no se somete a tributaci\u00f3n\u00a0porque se destina a satisfacer las necesidades b\u00e1sicas del contribuyente. As\u00ed, hay un m\u00ednimo por el propio contribuyente (con car\u00e1cter general, para menores de 65, es de 5.550 euros para la Renta de 2019), al que se suma una cantidad en funci\u00f3n de si tiene a su cargo descendientes o ascendientes. Queda claro entonces que,\u00a0en cualquiera de las modalidades de unidad familiar\u00a0el m\u00ednimo personal aplicable en la declaraci\u00f3n conjunta ser\u00e1 de 5.550 euros anuales, con independencia del n\u00famero de miembros integrados en la misma. Para parejas que hayan contra\u00eddo matrimonio, en la mayor\u00eda de los casos compensa\u00a0m\u00e1s la declaraci\u00f3n individual,\u00a0si los dos superan el m\u00ednimo personal y familiar, que se sit\u00faa en los 5.550 euros, a la que hay que a\u00f1adir el m\u00ednimo personal por hijos. Las familias monoparentales pese a que hagan la declaraci\u00f3n de la renta de forma conjunta, no dejan de estar discriminadas porque si en las parejas cada uno se deduce de forma individual, la familia sale beneficiada fiscalmente ya que se aplica la deducci\u00f3n de 5.550 euros dos veces.\u00a0 De ah\u00ed que muchas parejas realicen sus declaraciones de forma individual y nosotras de forma conjunta. En cambio a las familias monoparentales les interesa siempre hacerla de forma conjunta.\u00a0Este tipo de declaraci\u00f3n \u00fanicamente interesa en determinados casos cuando solo uno de los dos c\u00f3nyuges tiene ingresos o cuando uno de ellos los tiene muy bajos.\u00a0Tambi\u00e9n suele interesar en las familias monoparentales cuando los hijos no perciben rentas. Si a esto le a\u00f1ades &#8211; como explico m\u00e1s adelante &#8211; que el m\u00ednimo familiar, independientemente del n\u00famero de hijos es de 3.400 euros para las familias biparentales y de 2.140 euros para las monoparentales, la discriminaci\u00f3n est\u00e1 servida. Tambi\u00e9n es importante saber que la determinaci\u00f3n de los miembros de la unidad familiar se realizar\u00e1 atendiendo a la situa\u00adci\u00f3n existente el d\u00eda 31 de diciembre de cada a\u00f1o. Por tanto, si un hijo cumpliera 18 a\u00f1os durante el a\u00f1o, ya no formar\u00e1 parte de la unidad familiar en ese per\u00edodo impositivo. Todo ello siempre y cuando los hijos mayores no est\u00e9n incapacitados judicialmente y est\u00e9n sujetos a la patria potestad prorrogada o rehabilitada. Tampoco formar\u00e1 parte de la unidad familiar el miembro que fallezca durante el per\u00edodo impositivo. Eso s\u00ed, en cuanto los descendientes son mayores de 18 a\u00f1os pero menores de 25 a\u00f1os y tienen rentas inferiores a 8.000 euros, esas rentas no tienen que incluirse en la declaraci\u00f3n de los padres o ascendientes. Estos hijos dan derecho a reducci\u00f3n por descendientes, pero al no formar parte de la unidad familiar, no generan reducci\u00f3n por tributaci\u00f3n conjunta. Si hay hijos menores de 18 a\u00f1os e hijos mayores de 18, pero menores de 25, es posible la presentaci\u00f3n de una declaraci\u00f3n conjunta (padres y menores de 18), en la que se aplique la reducci\u00f3n por descendiente por los mayores de 18 menores de 25 a\u00f1os (siempre que cumplan los requisitos se\u00f1alados). Este hecho supone otro agravante para las familias monoparentales que teniendo en el hogar hijos mayores de 18 a su cargo, pasan a ser muy penalizadas en la declaraci\u00f3n de la renta: han de dejar de hacerla conjunta para pasar a hacerla individual. En cualquier caso, siempre es mejor\u00a0usar un simulador\u00a0para hacer los dos tipos de declaraciones y ver qu\u00e9 opci\u00f3n es mejor para tu caso. Apreciaciones a tener en cuenta&#8230; Reducci\u00f3n por tributaci\u00f3n conjunta&#8230; \u00bfen qu\u00e9 casos? &#8211; En declaraciones conjuntas de unidades familiares integradas por ambos c\u00f3nyuges, no separados legalmente, y sus hijos, si los hubiera, se aplicar\u00e1 una reducci\u00f3n de la base imponible de 3.400 euros anuales, con car\u00e1cter previo a las reducciones por aportaciones y contribuciones a planes de pensiones. Esta reducci\u00f3n se aplicar\u00e1, en primer lugar, a la base imponible general sin que pueda resultar negativa como consecuencia de tal minoraci\u00f3n. El remanente, si lo hubiera, minorar\u00e1 la base imponible del ahorro, que tampoco podr\u00e1 resultar negativa. &#8211; En declaraciones conjuntas de unidades familiares formadas por el padre o la madre y todos los hijos que convivan con uno u otro, en los casos de separaci\u00f3n legal o cuando no exista v\u00ednculo matrimonial, se aplicar\u00e1 una reducci\u00f3n de la base imponible de 2.150 euros anuales, con car\u00e1cter previo a las reducciones por aportaciones y contribuciones a sistemas de previsi\u00f3n social En las\u00a0parejas de hecho sin v\u00ednculo matrimonial,\u00a0s\u00f3lo uno de sus miembros (padre o madre) puede formar unidad familiar con los hijos que re\u00fanan los requisitos y es el \u00fanico que puede optar por la tributaci\u00f3n conjunta, con lo que el otro u otra integrante de la pareja debe tributar de forma individual En los supuestos de\u00a0separaci\u00f3n o divorcio matrimonial o ausencia de v\u00ednculo matrimonial, la opci\u00f3n por la tributaci\u00f3n conjunta corresponder\u00e1 a quien tenga atribuida la guarda y custodia de los hijos a la fecha de devengo del IRPF, al tratarse del progenitor que convive con aqu\u00e9llos. En los supuestos de guarda y custodia compartida la opci\u00f3n de la tributaci\u00f3n conjunta puede ejercitarla cualquiera de los dos progenitores, optando el otro por declarar de forma individual. Los l\u00edmites de la obligaci\u00f3n de declarar son los mismos en tributaci\u00f3n individual y conjunta. Por lo tanto, si se opta por tributaci\u00f3n conjunta, deben incluirse en la declaraci\u00f3n todas las rentas de los miembros de la unidad familiar, con independencia de que individualmente resulten o no obligados a presentar declaraci\u00f3n. Desgravaci\u00f3n por hijo: M\u00ednimos por descendientes Renta 2019 El\u00a0m\u00ednimo por descendiente\u00a0(menor de 25 a\u00f1os o cualquier edad cuando tiene una discapacidad del 33% o mayor) que dependa econ\u00f3micamente de los progenitores y no tenga rentas superiores a los 8.000 euros anuales,\u00a0entre otros requisitos, es de 2.400 euros por el primero, 2.700 por el segundo, 4.000 por el tercero y 4.500 por el cuarto y siguientes. Conviene tener en cuenta que cuando los hijos tienen menos de tres a\u00f1os el m\u00ednimo, aumenta a 2.800 euros. Y, cuando dos o m\u00e1s contribuyentes tienen derecho a la aplicaci\u00f3n del m\u00ednimo por descendientes, su importe se prorratear\u00e1 entre ellos por partes iguales. Adem\u00e1s, en algunas comunidades estos m\u00ednimos son superiores. Leer tambi\u00e9n: &#8220;C\u00f3mo declarar las deducciones de los 100 euros al mes&#8221; Leer tambi\u00e9n: &#8220;Las madres solteras est\u00e1n penalizadas fiscalmente&#8221; Si tienes hijos pero no est\u00e1s obligado a hacer la Declaraci\u00f3n de la Renta puede interesarte hacerla Los padres recientes (ni\u00f1os que han nacido o han sido adoptados en 2019) han de tener en cuenta que, si no est\u00e1n obligados a presentar la declaraci\u00f3n de la renta, puede que les convenga hacerla para beneficiarse de todas las deducciones. Dado que solicitar el borrador no implica obligaci\u00f3n de declarar, los expertos aconsejan que el contribuyente lo pida y compruebe si le es rentable presentar declaraci\u00f3n o no. Hacienda permite que los contribuyentes que no est\u00e9n obligados a presentar declaraci\u00f3n cedan al otro progenitor el derecho a los 100 euros mensuales Desde 2016, adem\u00e1s, la Agencia Tributaria ha habilitado el modelo 121 y 122 para que los contribuyentes que no est\u00e9n obligados a presentar declaraci\u00f3n puedan ceder su deducci\u00f3n a otro beneficiario. Si en una familia numerosa uno de los progenitores trabaja (es preciso cotizar a la Seguridad Social) pero no [&hellip;]<\/p>\n","protected":false},"author":2,"featured_media":73940,"comment_status":"open","ping_status":"closed","sticky":false,"template":"","format":"standard","meta":{"footnotes":""},"categories":[117,4],"tags":[],"class_list":["post-73948","post","type-post","status-publish","format-standard","has-post-thumbnail","hentry","category-madres-solteras-por-eleccion","category-madres-solteras-reproduccion-asistida-y-adopcion"],"yoast_head":"<!-- This site is optimized with the Yoast SEO plugin v26.3 - https:\/\/yoast.com\/wordpress\/plugins\/seo\/ -->\n<title>Si eres madre soltera: la Declaraci\u00f3n de la Renta es mejor hacerla de forma &quot;Conjunta&quot; Si eres madre soltera: la Declaraci\u00f3n de la Renta es mejor hacerla de forma &quot;Conjunta&quot;<\/title>\n<meta name=\"description\" content=\"A \u00a0la hora de hacer la declaraci\u00f3n de la renta en el seno de una unidad familiar, una pregunta que siempre salta es si ser\u00e1 mejor hacerla individual o\" \/>\n<meta name=\"robots\" content=\"index, follow, max-snippet:-1, max-image-preview:large, max-video-preview:-1\" \/>\n<link rel=\"canonical\" href=\"https:\/\/masola.org\/si-eres-madre-soltera-la-declaracion-de-la-renta-es-mejor-hacerla-de-forma-conjunta-2\/\" \/>\n<meta property=\"og:locale\" content=\"en_US\" \/>\n<meta property=\"og:type\" content=\"article\" \/>\n<meta property=\"og:title\" content=\"Si eres madre soltera: la Declaraci\u00f3n de la Renta es mejor hacerla de forma &quot;Conjunta&quot; Si eres madre soltera: la Declaraci\u00f3n de la Renta es mejor hacerla de forma &quot;Conjunta&quot;\" \/>\n<meta property=\"og:description\" content=\"A \u00a0la hora de hacer la declaraci\u00f3n de la renta en el seno de una unidad familiar, una pregunta que siempre salta es si ser\u00e1 mejor hacerla individual o\" \/>\n<meta property=\"og:url\" content=\"https:\/\/masola.org\/si-eres-madre-soltera-la-declaracion-de-la-renta-es-mejor-hacerla-de-forma-conjunta-2\/\" \/>\n<meta property=\"og:site_name\" content=\"Madres solteras por elecci\u00f3n\" \/>\n<meta property=\"article:publisher\" content=\"https:\/\/www.facebook.com\/MasolaOrg\/\" \/>\n<meta property=\"article:author\" content=\"https:\/\/www.facebook.com\/MADRES-SOLTERAS-POR-ELECCIN-MasolaOrg-197157676592\/\" \/>\n<meta property=\"article:published_time\" content=\"2025-04-10T13:10:40+00:00\" \/>\n<meta property=\"article:modified_time\" content=\"2025-11-16T22:09:54+00:00\" \/>\n<meta property=\"og:image\" content=\"https:\/\/masola.org\/wp-content\/uploads\/2019\/05\/piggy-bank-850607_640-1.jpg\" \/>\n\t<meta property=\"og:image:width\" content=\"640\" \/>\n\t<meta property=\"og:image:height\" content=\"426\" \/>\n\t<meta property=\"og:image:type\" content=\"image\/jpeg\" \/>\n<meta name=\"author\" content=\"MASOLA\" \/>\n<meta name=\"twitter:card\" content=\"summary_large_image\" \/>\n<meta name=\"twitter:creator\" content=\"@Masola_Org\" \/>\n<meta name=\"twitter:site\" content=\"@Masola_Org\" \/>\n<meta name=\"twitter:label1\" content=\"Written by\" \/>\n\t<meta name=\"twitter:data1\" content=\"MASOLA\" \/>\n\t<meta name=\"twitter:label2\" content=\"Est. reading time\" \/>\n\t<meta name=\"twitter:data2\" content=\"17 minutes\" \/>\n<script type=\"application\/ld+json\" class=\"yoast-schema-graph\">{\"@context\":\"https:\/\/schema.org\",\"@graph\":[{\"@type\":\"Article\",\"@id\":\"https:\/\/masola.org\/si-eres-madre-soltera-la-declaracion-de-la-renta-es-mejor-hacerla-de-forma-conjunta-2\/#article\",\"isPartOf\":{\"@id\":\"https:\/\/masola.org\/si-eres-madre-soltera-la-declaracion-de-la-renta-es-mejor-hacerla-de-forma-conjunta-2\/\"},\"author\":{\"name\":\"MASOLA\",\"@id\":\"https:\/\/masola.org\/#\/schema\/person\/3a3729979ab8775d6e79bacf89aa71f6\"},\"headline\":\"Si eres madre soltera: la Declaraci\u00f3n de la Renta es mejor hacerla de forma &#8220;Conjunta&#8221;\",\"datePublished\":\"2025-04-10T13:10:40+00:00\",\"dateModified\":\"2025-11-16T22:09:54+00:00\",\"mainEntityOfPage\":{\"@id\":\"https:\/\/masola.org\/si-eres-madre-soltera-la-declaracion-de-la-renta-es-mejor-hacerla-de-forma-conjunta-2\/\"},\"wordCount\":3311,\"commentCount\":6,\"publisher\":{\"@id\":\"https:\/\/masola.org\/#organization\"},\"image\":{\"@id\":\"https:\/\/masola.org\/si-eres-madre-soltera-la-declaracion-de-la-renta-es-mejor-hacerla-de-forma-conjunta-2\/#primaryimage\"},\"thumbnailUrl\":\"https:\/\/masola.org\/wp-content\/uploads\/2019\/05\/piggy-bank-850607_640-1.jpg\",\"articleSection\":[\"Discriminaci\u00f3n a solteras y lesbianas\",\"Ser madre soltera. Reproducci\u00f3n asistida y adopci\u00f3n\"],\"inLanguage\":\"en-US\",\"potentialAction\":[{\"@type\":\"CommentAction\",\"name\":\"Comment\",\"target\":[\"https:\/\/masola.org\/si-eres-madre-soltera-la-declaracion-de-la-renta-es-mejor-hacerla-de-forma-conjunta-2\/#respond\"]}]},{\"@type\":\"WebPage\",\"@id\":\"https:\/\/masola.org\/si-eres-madre-soltera-la-declaracion-de-la-renta-es-mejor-hacerla-de-forma-conjunta-2\/\",\"url\":\"https:\/\/masola.org\/si-eres-madre-soltera-la-declaracion-de-la-renta-es-mejor-hacerla-de-forma-conjunta-2\/\",\"name\":\"Si eres madre soltera: la Declaraci\u00f3n de la Renta es mejor hacerla de forma \\\"Conjunta\\\" Si eres madre soltera: la Declaraci\u00f3n de la Renta es mejor hacerla de forma \\\"Conjunta\\\"\",\"isPartOf\":{\"@id\":\"https:\/\/masola.org\/#website\"},\"primaryImageOfPage\":{\"@id\":\"https:\/\/masola.org\/si-eres-madre-soltera-la-declaracion-de-la-renta-es-mejor-hacerla-de-forma-conjunta-2\/#primaryimage\"},\"image\":{\"@id\":\"https:\/\/masola.org\/si-eres-madre-soltera-la-declaracion-de-la-renta-es-mejor-hacerla-de-forma-conjunta-2\/#primaryimage\"},\"thumbnailUrl\":\"https:\/\/masola.org\/wp-content\/uploads\/2019\/05\/piggy-bank-850607_640-1.jpg\",\"datePublished\":\"2025-04-10T13:10:40+00:00\",\"dateModified\":\"2025-11-16T22:09:54+00:00\",\"description\":\"A \u00a0la hora de hacer la declaraci\u00f3n de la renta en el seno de una unidad familiar, una pregunta que siempre salta es si ser\u00e1 mejor hacerla individual o\",\"breadcrumb\":{\"@id\":\"https:\/\/masola.org\/si-eres-madre-soltera-la-declaracion-de-la-renta-es-mejor-hacerla-de-forma-conjunta-2\/#breadcrumb\"},\"inLanguage\":\"en-US\",\"potentialAction\":[{\"@type\":\"ReadAction\",\"target\":[\"https:\/\/masola.org\/si-eres-madre-soltera-la-declaracion-de-la-renta-es-mejor-hacerla-de-forma-conjunta-2\/\"]}]},{\"@type\":\"ImageObject\",\"inLanguage\":\"en-US\",\"@id\":\"https:\/\/masola.org\/si-eres-madre-soltera-la-declaracion-de-la-renta-es-mejor-hacerla-de-forma-conjunta-2\/#primaryimage\",\"url\":\"https:\/\/masola.org\/wp-content\/uploads\/2019\/05\/piggy-bank-850607_640-1.jpg\",\"contentUrl\":\"https:\/\/masola.org\/wp-content\/uploads\/2019\/05\/piggy-bank-850607_640-1.jpg\",\"width\":640,\"height\":426},{\"@type\":\"BreadcrumbList\",\"@id\":\"https:\/\/masola.org\/si-eres-madre-soltera-la-declaracion-de-la-renta-es-mejor-hacerla-de-forma-conjunta-2\/#breadcrumb\",\"itemListElement\":[{\"@type\":\"ListItem\",\"position\":1,\"name\":\"Paginas-Menu WEB\",\"item\":\"https:\/\/masola.org\/\"},{\"@type\":\"ListItem\",\"position\":2,\"name\":\"Si eres madre soltera: la Declaraci\u00f3n de la Renta es mejor hacerla de forma &#8220;Conjunta&#8221;\"}]},{\"@type\":\"WebSite\",\"@id\":\"https:\/\/masola.org\/#website\",\"url\":\"https:\/\/masola.org\/\",\"name\":\"Madres solteras por elecci\u00f3n\",\"description\":\"Madres solteras por eleccion y reproducci\u00f3n asistida\",\"publisher\":{\"@id\":\"https:\/\/masola.org\/#organization\"},\"potentialAction\":[{\"@type\":\"SearchAction\",\"target\":{\"@type\":\"EntryPoint\",\"urlTemplate\":\"https:\/\/masola.org\/?s={search_term_string}\"},\"query-input\":{\"@type\":\"PropertyValueSpecification\",\"valueRequired\":true,\"valueName\":\"search_term_string\"}}],\"inLanguage\":\"en-US\"},{\"@type\":\"Organization\",\"@id\":\"https:\/\/masola.org\/#organization\",\"name\":\"Masola\",\"url\":\"https:\/\/masola.org\/\",\"logo\":{\"@type\":\"ImageObject\",\"inLanguage\":\"en-US\",\"@id\":\"https:\/\/masola.org\/#\/schema\/logo\/image\/\",\"url\":\"https:\/\/masola.org\/wp-content\/uploads\/2016\/10\/cropped-bolsas_masola_bolsa-1-1-1200x958-2.jpg\",\"contentUrl\":\"https:\/\/masola.org\/wp-content\/uploads\/2016\/10\/cropped-bolsas_masola_bolsa-1-1-1200x958-2.jpg\",\"width\":1200,\"height\":612,\"caption\":\"Masola\"},\"image\":{\"@id\":\"https:\/\/masola.org\/#\/schema\/logo\/image\/\"},\"sameAs\":[\"https:\/\/www.facebook.com\/MasolaOrg\/\",\"https:\/\/x.com\/Masola_Org\",\"https:\/\/www.instagram.com\/masola.org_rosa.maestro\/\",\"https:\/\/www.linkedin.com\/in\/rosamaestro\/\",\"https:\/\/www.youtube.com\/user\/MegaMasola\"]},{\"@type\":\"Person\",\"@id\":\"https:\/\/masola.org\/#\/schema\/person\/3a3729979ab8775d6e79bacf89aa71f6\",\"name\":\"MASOLA\",\"description\":\"Madre soltera por reproducci\u00f3n asistida y por adopci\u00f3n internacional\",\"sameAs\":[\"https:\/\/masola.org\",\"https:\/\/www.facebook.com\/MADRES-SOLTERAS-POR-ELECCIN-MasolaOrg-197157676592\/\",\"https:\/\/www.instagram.com\/masola.mspe?igsh=dng4dnBmajNyejl0&utm_source=qr\",\"https:\/\/x.com\/Masola_Org\"],\"url\":\"https:\/\/masola.org\/en\/author\/rosa\/\"}]}<\/script>\n<!-- \/ Yoast SEO plugin. -->","yoast_head_json":{"title":"Si eres madre soltera: la Declaraci\u00f3n de la Renta es mejor hacerla de forma \"Conjunta\" Si eres madre soltera: la Declaraci\u00f3n de la Renta es mejor hacerla de forma \"Conjunta\"","description":"A \u00a0la hora de hacer la declaraci\u00f3n de la renta en el seno de una unidad familiar, una pregunta que siempre salta es si ser\u00e1 mejor hacerla individual o","robots":{"index":"index","follow":"follow","max-snippet":"max-snippet:-1","max-image-preview":"max-image-preview:large","max-video-preview":"max-video-preview:-1"},"canonical":"https:\/\/masola.org\/si-eres-madre-soltera-la-declaracion-de-la-renta-es-mejor-hacerla-de-forma-conjunta-2\/","og_locale":"en_US","og_type":"article","og_title":"Si eres madre soltera: la Declaraci\u00f3n de la Renta es mejor hacerla de forma \"Conjunta\" Si eres madre soltera: la Declaraci\u00f3n de la Renta es mejor hacerla de forma \"Conjunta\"","og_description":"A \u00a0la hora de hacer la declaraci\u00f3n de la renta en el seno de una unidad familiar, una pregunta que siempre salta es si ser\u00e1 mejor hacerla individual o","og_url":"https:\/\/masola.org\/si-eres-madre-soltera-la-declaracion-de-la-renta-es-mejor-hacerla-de-forma-conjunta-2\/","og_site_name":"Madres solteras por elecci\u00f3n","article_publisher":"https:\/\/www.facebook.com\/MasolaOrg\/","article_author":"https:\/\/www.facebook.com\/MADRES-SOLTERAS-POR-ELECCIN-MasolaOrg-197157676592\/","article_published_time":"2025-04-10T13:10:40+00:00","article_modified_time":"2025-11-16T22:09:54+00:00","og_image":[{"width":640,"height":426,"url":"https:\/\/masola.org\/wp-content\/uploads\/2019\/05\/piggy-bank-850607_640-1.jpg","type":"image\/jpeg"}],"author":"MASOLA","twitter_card":"summary_large_image","twitter_creator":"@Masola_Org","twitter_site":"@Masola_Org","twitter_misc":{"Written by":"MASOLA","Est. reading time":"17 minutes"},"schema":{"@context":"https:\/\/schema.org","@graph":[{"@type":"Article","@id":"https:\/\/masola.org\/si-eres-madre-soltera-la-declaracion-de-la-renta-es-mejor-hacerla-de-forma-conjunta-2\/#article","isPartOf":{"@id":"https:\/\/masola.org\/si-eres-madre-soltera-la-declaracion-de-la-renta-es-mejor-hacerla-de-forma-conjunta-2\/"},"author":{"name":"MASOLA","@id":"https:\/\/masola.org\/#\/schema\/person\/3a3729979ab8775d6e79bacf89aa71f6"},"headline":"Si eres madre soltera: la Declaraci\u00f3n de la Renta es mejor hacerla de forma &#8220;Conjunta&#8221;","datePublished":"2025-04-10T13:10:40+00:00","dateModified":"2025-11-16T22:09:54+00:00","mainEntityOfPage":{"@id":"https:\/\/masola.org\/si-eres-madre-soltera-la-declaracion-de-la-renta-es-mejor-hacerla-de-forma-conjunta-2\/"},"wordCount":3311,"commentCount":6,"publisher":{"@id":"https:\/\/masola.org\/#organization"},"image":{"@id":"https:\/\/masola.org\/si-eres-madre-soltera-la-declaracion-de-la-renta-es-mejor-hacerla-de-forma-conjunta-2\/#primaryimage"},"thumbnailUrl":"https:\/\/masola.org\/wp-content\/uploads\/2019\/05\/piggy-bank-850607_640-1.jpg","articleSection":["Discriminaci\u00f3n a solteras y lesbianas","Ser madre soltera. Reproducci\u00f3n asistida y adopci\u00f3n"],"inLanguage":"en-US","potentialAction":[{"@type":"CommentAction","name":"Comment","target":["https:\/\/masola.org\/si-eres-madre-soltera-la-declaracion-de-la-renta-es-mejor-hacerla-de-forma-conjunta-2\/#respond"]}]},{"@type":"WebPage","@id":"https:\/\/masola.org\/si-eres-madre-soltera-la-declaracion-de-la-renta-es-mejor-hacerla-de-forma-conjunta-2\/","url":"https:\/\/masola.org\/si-eres-madre-soltera-la-declaracion-de-la-renta-es-mejor-hacerla-de-forma-conjunta-2\/","name":"Si eres madre soltera: la Declaraci\u00f3n de la Renta es mejor hacerla de forma \"Conjunta\" Si eres madre soltera: la Declaraci\u00f3n de la Renta es mejor hacerla de forma \"Conjunta\"","isPartOf":{"@id":"https:\/\/masola.org\/#website"},"primaryImageOfPage":{"@id":"https:\/\/masola.org\/si-eres-madre-soltera-la-declaracion-de-la-renta-es-mejor-hacerla-de-forma-conjunta-2\/#primaryimage"},"image":{"@id":"https:\/\/masola.org\/si-eres-madre-soltera-la-declaracion-de-la-renta-es-mejor-hacerla-de-forma-conjunta-2\/#primaryimage"},"thumbnailUrl":"https:\/\/masola.org\/wp-content\/uploads\/2019\/05\/piggy-bank-850607_640-1.jpg","datePublished":"2025-04-10T13:10:40+00:00","dateModified":"2025-11-16T22:09:54+00:00","description":"A \u00a0la hora de hacer la declaraci\u00f3n de la renta en el seno de una unidad familiar, una pregunta que siempre salta es si ser\u00e1 mejor hacerla individual o","breadcrumb":{"@id":"https:\/\/masola.org\/si-eres-madre-soltera-la-declaracion-de-la-renta-es-mejor-hacerla-de-forma-conjunta-2\/#breadcrumb"},"inLanguage":"en-US","potentialAction":[{"@type":"ReadAction","target":["https:\/\/masola.org\/si-eres-madre-soltera-la-declaracion-de-la-renta-es-mejor-hacerla-de-forma-conjunta-2\/"]}]},{"@type":"ImageObject","inLanguage":"en-US","@id":"https:\/\/masola.org\/si-eres-madre-soltera-la-declaracion-de-la-renta-es-mejor-hacerla-de-forma-conjunta-2\/#primaryimage","url":"https:\/\/masola.org\/wp-content\/uploads\/2019\/05\/piggy-bank-850607_640-1.jpg","contentUrl":"https:\/\/masola.org\/wp-content\/uploads\/2019\/05\/piggy-bank-850607_640-1.jpg","width":640,"height":426},{"@type":"BreadcrumbList","@id":"https:\/\/masola.org\/si-eres-madre-soltera-la-declaracion-de-la-renta-es-mejor-hacerla-de-forma-conjunta-2\/#breadcrumb","itemListElement":[{"@type":"ListItem","position":1,"name":"Paginas-Menu WEB","item":"https:\/\/masola.org\/"},{"@type":"ListItem","position":2,"name":"Si eres madre soltera: la Declaraci\u00f3n de la Renta es mejor hacerla de forma &#8220;Conjunta&#8221;"}]},{"@type":"WebSite","@id":"https:\/\/masola.org\/#website","url":"https:\/\/masola.org\/","name":"Madres solteras por elecci\u00f3n","description":"Madres solteras por eleccion y reproducci\u00f3n asistida","publisher":{"@id":"https:\/\/masola.org\/#organization"},"potentialAction":[{"@type":"SearchAction","target":{"@type":"EntryPoint","urlTemplate":"https:\/\/masola.org\/?s={search_term_string}"},"query-input":{"@type":"PropertyValueSpecification","valueRequired":true,"valueName":"search_term_string"}}],"inLanguage":"en-US"},{"@type":"Organization","@id":"https:\/\/masola.org\/#organization","name":"Masola","url":"https:\/\/masola.org\/","logo":{"@type":"ImageObject","inLanguage":"en-US","@id":"https:\/\/masola.org\/#\/schema\/logo\/image\/","url":"https:\/\/masola.org\/wp-content\/uploads\/2016\/10\/cropped-bolsas_masola_bolsa-1-1-1200x958-2.jpg","contentUrl":"https:\/\/masola.org\/wp-content\/uploads\/2016\/10\/cropped-bolsas_masola_bolsa-1-1-1200x958-2.jpg","width":1200,"height":612,"caption":"Masola"},"image":{"@id":"https:\/\/masola.org\/#\/schema\/logo\/image\/"},"sameAs":["https:\/\/www.facebook.com\/MasolaOrg\/","https:\/\/x.com\/Masola_Org","https:\/\/www.instagram.com\/masola.org_rosa.maestro\/","https:\/\/www.linkedin.com\/in\/rosamaestro\/","https:\/\/www.youtube.com\/user\/MegaMasola"]},{"@type":"Person","@id":"https:\/\/masola.org\/#\/schema\/person\/3a3729979ab8775d6e79bacf89aa71f6","name":"MASOLA","description":"Madre soltera por reproducci\u00f3n asistida y por adopci\u00f3n internacional","sameAs":["https:\/\/masola.org","https:\/\/www.facebook.com\/MADRES-SOLTERAS-POR-ELECCIN-MasolaOrg-197157676592\/","https:\/\/www.instagram.com\/masola.mspe?igsh=dng4dnBmajNyejl0&utm_source=qr","https:\/\/x.com\/Masola_Org"],"url":"https:\/\/masola.org\/en\/author\/rosa\/"}]}},"_links":{"self":[{"href":"https:\/\/masola.org\/en\/wp-json\/wp\/v2\/posts\/73948","targetHints":{"allow":["GET"]}}],"collection":[{"href":"https:\/\/masola.org\/en\/wp-json\/wp\/v2\/posts"}],"about":[{"href":"https:\/\/masola.org\/en\/wp-json\/wp\/v2\/types\/post"}],"author":[{"embeddable":true,"href":"https:\/\/masola.org\/en\/wp-json\/wp\/v2\/users\/2"}],"replies":[{"embeddable":true,"href":"https:\/\/masola.org\/en\/wp-json\/wp\/v2\/comments?post=73948"}],"version-history":[{"count":4,"href":"https:\/\/masola.org\/en\/wp-json\/wp\/v2\/posts\/73948\/revisions"}],"predecessor-version":[{"id":74284,"href":"https:\/\/masola.org\/en\/wp-json\/wp\/v2\/posts\/73948\/revisions\/74284"}],"wp:featuredmedia":[{"embeddable":true,"href":"https:\/\/masola.org\/en\/wp-json\/wp\/v2\/media\/73940"}],"wp:attachment":[{"href":"https:\/\/masola.org\/en\/wp-json\/wp\/v2\/media?parent=73948"}],"wp:term":[{"taxonomy":"category","embeddable":true,"href":"https:\/\/masola.org\/en\/wp-json\/wp\/v2\/categories?post=73948"},{"taxonomy":"post_tag","embeddable":true,"href":"https:\/\/masola.org\/en\/wp-json\/wp\/v2\/tags?post=73948"}],"curies":[{"name":"wp","href":"https:\/\/api.w.org\/{rel}","templated":true}]}}